{"id":377,"date":"2017-03-09T17:58:39","date_gmt":"2017-03-09T16:58:39","guid":{"rendered":"http:\/\/www.ledonneresistenti.it\/?p=377"},"modified":"2017-03-09T17:58:39","modified_gmt":"2017-03-09T16:58:39","slug":"parole-femmina-voci-di-donne-dagli-occhi-grandi","status":"publish","type":"post","link":"https:\/\/www.ledonneresistenti.it\/?p=377","title":{"rendered":"PAROLE \u2013 FEMMINA  voci di donne  dagli occhi grandi"},"content":{"rendered":"<p>Cos\u00ec si \u00e8 intitolato lo spettacolo di <strong>sabato sera, 4 marzo, a Madrisio di Fagagna<\/strong>, presso la grande e affollata sala polifunzionale , a cura dell\u2019associazione \u201c<strong>Genia<\/strong>\u201d e in<strong> collaborazione con la nostra associazione<\/strong>.<br \/>\n\u201cGenia \u201cha inteso continuare cos\u00ec un rapporto nato con Paola Schiratti, alla cui memoria la serata \u00e8 stata dedicata, come diceva la scritta in alto a destra del volantino e come \u00e8 stato detto\u00a0 all\u2019inizio dello spettacolo dalla presidente Isolda de Nardo. Ci commuove questo tenerla legata al filo della riconoscenza e noi non possiamo che ricambiare, altrettanto riconoscenti, per questo omaggio all\u2019amica comune.<br \/>\nIl libero adattamento da \u201cDonne dagli occhi grandi\u201d di Angeles Mastretta\u00a0 ha prodotto un dialogo ludico tra parole e musica \u201cper donne coraggiose e uomini gentili\u201d. \u201cUn vivace percorso di canti e racconti che si intrecciano come fili di un ordito multicolore\u201d. Con la voce di <strong>Nicoletta Oscuro<\/strong> , accompagnata dalla voce e dalla chitarra di <strong>Matteo Sgobino<\/strong>, due autentici talenti che non ci si sarebbe stupiti di ascoltare in qualche teatro di nicchia di Roma, (ne parlo per esperienza) sono stati elaborati drammaturgicamente assieme <strong>Barbara Bregant<\/strong>\u00a0 (altro bell\u2019esempio di risorse del territorio) brevi ritratti, biografie di una genealogia di madri, figlie, nipoti, zie e sorelle accomunate da dubbi , gioie, fragilit\u00e0 , deliri sentimentali e da una stupefacente bramosia di vita.<br \/>\nIl risultato \u00e8 uno spettacolo lieve e al contempo di grande spessore, capace di emozionare e soprattutto intelligente sia nella scelta dei brani che delle musiche\u2026.<br \/>\nLa seconda parte della serata prevedeva la presentazione del libro \u201c<strong>L\u2019infinito viaggio delle donne<\/strong> \u201c di <strong>Francesca Angelici<\/strong>, a cura della nostra Tiziana Bortoluzzi; una conversazione con l\u2019autrice su una storia illustrata \u201co meglio delle illustrazioni raccontate che narrano la storia di una donna alla ricerca di s\u00e9\u201d. Un percorso grafico pittorico che diventa viaggio attraverso le emozioni per la scoperta e la conferma delle risorse che ciascuna donna ha dentro di s\u00e9 , patrimonio spesso misconosciuto a noi stesse che dobbiamo autorizzarci a far uscire \u2026 Col suo garbo e la sua rispettosa curiosit\u00e0\u00a0 Tiziana ha potuto permettere all\u2019autrice di parlare del proprio itinerario non sempre facile ma con un esito quasi terapeutico, un dono che a questo punto Francesca pu\u00f2 fare anche a tutte le donne per riattivare l\u2019incredibile forza che possiedono.<br \/>\nMa questo mese, in cui la data dell\u20198 marzo diventa un perno attorno a cui si sviluppano molti eventi, incontri , e mobilitazioni ,ci vede impegnate come associazione in altre due date:<a target=\"_blank\" href=\"https:\/\/www.ledonneresistenti.it\/wp-content\/uploads\/2017\/03\/progetto_matriarcas.pdf\"><strong> Il 18 marzo , presso la Casa delle donne , dalle 15.30 alle 18.30 per l\u2019esposizione \u201cMatriarcas\u201d<\/strong><\/a> e il <strong>24 marzo alle 20.30, presso il circolo culturale Nuovi Orizzonti\u00a0<\/strong> dove avr\u00f2 il piacere di presentare l\u2019ing. <strong>Claudio Nappo<\/strong>, orientalista , storico ed esperto dei rapporti tra Occidente ed India che ci parler\u00e0 di <a target=\"_blank\" href=\"https:\/\/www.ledonneresistenti.it\/wp-content\/uploads\/2017\/03\/volantino_India.pdf\">\u201c<strong>India al femminile. Quando le donne cambiano un paese<\/strong>\u201d<\/a.Claudio Nappo ha gi\u00e0 collaborato con la nostra associazione in passato con un intervento presso la libreria Friuli di Udine. Le locandine degli eventi vi ricorderanno gli appuntamenti segnalati\n<\/p>\n","protected":false},"excerpt":{"rendered":"<p>Cos\u00ec si \u00e8 intitolato lo spettacolo di sabato sera, 4 marzo, a Madrisio di Fagagna, presso la grande e affollata sala polifunzionale , a cura dell\u2019associazione \u201cGenia\u201d e in collaborazione con la nostra associazione. \u201cGenia \u201cha inteso continuare cos\u00ec un rapporto nato con Paola Schiratti, alla cui memoria la serata \u00e8 stata dedicata, come diceva [&hellip;]<\/p>\n","protected":false},"author":5,"featured_media":0,"comment_status":"open","ping_status":"open","sticky":false,"template":"","format":"standard","meta":{"footnotes":""},"categories":[30,9],"tags":[],"_links":{"self":[{"href":"https:\/\/www.ledonneresistenti.it\/index.php?rest_route=\/wp\/v2\/posts\/377"}],"collection":[{"href":"https:\/\/www.ledonneresistenti.it\/index.php?rest_route=\/wp\/v2\/posts"}],"about":[{"href":"https:\/\/www.ledonneresistenti.it\/index.php?rest_route=\/wp\/v2\/types\/post"}],"author":[{"embeddable":true,"href":"https:\/\/www.ledonneresistenti.it\/index.php?rest_route=\/wp\/v2\/users\/5"}],"replies":[{"embeddable":true,"href":"https:\/\/www.ledonneresistenti.it\/index.php?rest_route=%2Fwp%2Fv2%2Fcomments&post=377"}],"version-history":[{"count":3,"href":"https:\/\/www.ledonneresistenti.it\/index.php?rest_route=\/wp\/v2\/posts\/377\/revisions"}],"predecessor-version":[{"id":380,"href":"https:\/\/www.ledonneresistenti.it\/index.php?rest_route=\/wp\/v2\/posts\/377\/revisions\/380"}],"wp:attachment":[{"href":"https:\/\/www.ledonneresistenti.it\/index.php?rest_route=%2Fwp%2Fv2%2Fmedia&parent=377"}],"wp:term":[{"taxonomy":"category","embeddable":true,"href":"https:\/\/www.ledonneresistenti.it\/index.php?rest_route=%2Fwp%2Fv2%2Fcategories&post=377"},{"taxonomy":"post_tag","embeddable":true,"href":"https:\/\/www.ledonneresistenti.it\/index.php?rest_route=%2Fwp%2Fv2%2Ftags&post=377"}],"curies":[{"name":"wp","href":"https:\/\/api.w.org\/{rel}","templated":true}]}}