{"id":351,"date":"2016-06-18T19:09:59","date_gmt":"2016-06-18T17:09:59","guid":{"rendered":"http:\/\/www.ledonneresistenti.it\/?p=351"},"modified":"2016-06-18T19:09:59","modified_gmt":"2016-06-18T17:09:59","slug":"la-ragazza-dei-diritti-umani","status":"publish","type":"post","link":"https:\/\/www.ledonneresistenti.it\/?p=351","title":{"rendered":"La ragazza dei diritti umani"},"content":{"rendered":"<p>Helen Joanna Cox, 41 anni, coniugata e madre di due bambini, deputata laburista\u00a0 impegnata contro la Brexit e per i diritti dei migranti \u00e8 stata uccisa nel suo collegio nel nord dell\u2019Inghilterra\u00a0 mentre si stava dirigendo all\u2019appuntamento settimanale con i suoi elettori, dove stava soprattutto ad ascoltare quelle che erano le voci della base, espressione dei bisogni e delle istanze del paese reale.\u00a0 Nonostante avesse informato la polizia delle ripetute minacce ricevute, girava da sola per i comizi che si stanno tenendo in Gran Bretagna, a favore del mantenimento del suo Paese nella UE.\u00a0 Attivissima a favore delle donne presiedeva il \u201cwomen\u2019s Network\u201d del Laboury Party ed era senior advisor dell\u2019organizzazione antischiavit\u00f9 \u201cFreedom Fund\u201d. Spendendosi per le politiche dell\u2019accoglienza, in difesa dei profughi\u00a0 siriani, era stata dirigente dell\u2019associazione non governativa Oxfam e per\u00a0 Save the children e, nonostante fosse solo da un anno in parlamento, era considerata una candidata a Downing Street. Da \u201c La Repubblica\u201d di venerdi 17 giugno cito \u201c ..A Leeds tutti la conoscevano. La chiamavano \u201cla ragazza dei diritti umani\u201d. Prima della classe a scuola, laurea a Cambridge, un lungo servizio nelle organizzazioni umanitarie, una passione condivisa con il marito Brendan\u2026\u2026 e mentre tanti deputati prendono una casa di rappresentanza, Jo quando \u00e8 entrata in parlamento ha preferito una chiatta , ormeggiata in un canale che sfocia nel Tamigi, nei pressi di Tower Bridge\u201d. I media ci raccontano di una giovane donna disinteressata al vantaggio personale, coraggiosa e nobile che lottava per un mondo migliore, un mondo senza odio. Ora la sua bella esistenza, il suo grande impegno politico e sociale sono stati brutalmente\u00a0 troncati da un assassino xenofobo e razzista, che ha riempito il vuoto della sua\u00a0 spregevole vita con un odio velenoso e criminale. Addio Jo Cox, non sapevo della tua esistenza prima che la notizia del tuo cruento assassinio facesse il giro del mondo. Ora che un fanatico bianco, \u201csuprematista\u201d come si fanno chiamare quelli che predicano e agiscono in nome del delirio della supremazia della razza bianca, ti ha massacrata a colpi d\u2019arma da fuoco , di pugnalate e, mentre eri a terra agonizzante, con odio insaziabile ti ha anche presa a calci, non posso che sentire un grande sconforto, come donna e come cittadina europea, per la tua terribile morte e per quella che sento come una rapina ai danni del mondo e del tuo futuro. Mi resta una domanda cui spero presto venga data risposta . Perch\u00e9 non l\u2019hanno protetta, visto che era cos\u00ec esposta? Perch\u00e9 pur avendo informato la polizia delle varie minacce che le erano state fatte, non si \u00e8 deciso tempestivamente di affidarti una scorta? Saperlo non la riporter\u00e0 in vita, ma forse aiuter\u00e0 altre donne coraggiose a restare vive.<\/p>\n","protected":false},"excerpt":{"rendered":"<p>Helen Joanna Cox, 41 anni, coniugata e madre di due bambini, deputata laburista\u00a0 impegnata contro la Brexit e per i diritti dei migranti \u00e8 stata uccisa nel suo collegio nel nord dell\u2019Inghilterra\u00a0 mentre si stava dirigendo all\u2019appuntamento settimanale con i suoi elettori, dove stava soprattutto ad ascoltare quelle che erano le voci della base, espressione [&hellip;]<\/p>\n","protected":false},"author":5,"featured_media":0,"comment_status":"open","ping_status":"open","sticky":false,"template":"","format":"standard","meta":{"footnotes":""},"categories":[9,13],"tags":[116,117],"_links":{"self":[{"href":"https:\/\/www.ledonneresistenti.it\/index.php?rest_route=\/wp\/v2\/posts\/351"}],"collection":[{"href":"https:\/\/www.ledonneresistenti.it\/index.php?rest_route=\/wp\/v2\/posts"}],"about":[{"href":"https:\/\/www.ledonneresistenti.it\/index.php?rest_route=\/wp\/v2\/types\/post"}],"author":[{"embeddable":true,"href":"https:\/\/www.ledonneresistenti.it\/index.php?rest_route=\/wp\/v2\/users\/5"}],"replies":[{"embeddable":true,"href":"https:\/\/www.ledonneresistenti.it\/index.php?rest_route=%2Fwp%2Fv2%2Fcomments&post=351"}],"version-history":[{"count":1,"href":"https:\/\/www.ledonneresistenti.it\/index.php?rest_route=\/wp\/v2\/posts\/351\/revisions"}],"predecessor-version":[{"id":352,"href":"https:\/\/www.ledonneresistenti.it\/index.php?rest_route=\/wp\/v2\/posts\/351\/revisions\/352"}],"wp:attachment":[{"href":"https:\/\/www.ledonneresistenti.it\/index.php?rest_route=%2Fwp%2Fv2%2Fmedia&parent=351"}],"wp:term":[{"taxonomy":"category","embeddable":true,"href":"https:\/\/www.ledonneresistenti.it\/index.php?rest_route=%2Fwp%2Fv2%2Fcategories&post=351"},{"taxonomy":"post_tag","embeddable":true,"href":"https:\/\/www.ledonneresistenti.it\/index.php?rest_route=%2Fwp%2Fv2%2Ftags&post=351"}],"curies":[{"name":"wp","href":"https:\/\/api.w.org\/{rel}","templated":true}]}}